{"id":9019,"date":"2026-07-17T12:38:51","date_gmt":"2026-07-17T10:38:51","guid":{"rendered":"https:\/\/voleiboom.com\/?p=9019"},"modified":"2026-07-17T12:38:51","modified_gmt":"2026-07-17T10:38:51","slug":"voleiboom-castelldefels-continua-fent-historia","status":"publish","type":"post","link":"https:\/\/voleiboom.com\/ca\/voleiboom-castelldefels-continua-fent-historia\/","title":{"rendered":"Voleiboom Castelldefels continua fent hist\u00f2ria"},"content":{"rendered":"<p>Despr\u00e9s d&#8217;una brillant actuaci\u00f3 al <strong>Campionat de Catalunya de V\u00f2lei Platja 2026<\/strong>, el Club Voleiboom ha aconseguit classificar <strong>tres equips<\/strong> per al <strong>Campionat d&#8217;Espanya de Clubs<\/strong>.<\/p>\n<p>Els equips <strong>Infantil Mascul\u00ed<\/strong> i <strong>Infantil Femen\u00ed<\/strong> acudiran a la cita nacional despr\u00e9s de proclamar-se <strong>Campions de Catalunya<\/strong>, mentre que el <strong>Cadet Mascul\u00ed<\/strong> ha aconseguit una magn\u00edfica <strong>segona posici\u00f3<\/strong>, certificant tamb\u00e9 la classificaci\u00f3 per al Campionat d&#8217;Espanya.<\/p>\n<p>Des del club volem felicitar tots els jugadors i jugadores, el cos t\u00e8cnic i les fam\u00edlies per l&#8217;esfor\u00e7, el comprom\u00eds i l&#8217;excel\u00b7lent treball realitzat durant tota la temporada. Enhorabona per aquest gran \u00e8xit i molta sort al Campionat d&#8217;Espanya!<\/p>\n","protected":false},"excerpt":{"rendered":"<p>Despr\u00e9s d&#8217;una brillant actuaci\u00f3 al Campionat de Catalunya de V\u00f2lei Platja 2026, el Club Voleiboom ha aconseguit classificar tres equips per al Campionat d&#8217;Espanya de Clubs. Els equips Infantil Mascul\u00ed i Infantil Femen\u00ed acudiran a la cita nacional despr\u00e9s de [&hellip;]<\/p>\n","protected":false},"author":3,"featured_media":9012,"comment_status":"closed","ping_status":"closed","sticky":false,"template":"","format":"standard","meta":{"inline_featured_image":false,"footnotes":""},"categories":[93],"tags":[],"class_list":["post-9019","post","type-post","status-publish","format-standard","has-post-thumbnail","hentry","category-competicio-ca"],"yoast_head":"<!-- This site is optimized with the Yoast SEO plugin v28.2 - https:\/\/yoast.com\/product\/yoast-seo-wordpress\/ -->\n<title>Voleiboom Castelldefels continua fent hist\u00f2ria - VOLEIBOOM<\/title>\n<meta name=\"robots\" content=\"index, follow, max-snippet:-1, max-image-preview:large, max-video-preview:-1\" \/>\n<link rel=\"canonical\" href=\"https:\/\/voleiboom.com\/ca\/voleiboom-castelldefels-continua-fent-historia\/\" \/>\n<meta property=\"og:locale\" content=\"ca_ES\" \/>\n<meta property=\"og:type\" content=\"article\" \/>\n<meta property=\"og:title\" content=\"Voleiboom Castelldefels continua fent hist\u00f2ria - VOLEIBOOM\" \/>\n<meta property=\"og:description\" content=\"Despr\u00e9s d&#8217;una brillant actuaci\u00f3 al Campionat de Catalunya de V\u00f2lei Platja 2026, el Club Voleiboom ha aconseguit classificar tres equips per al Campionat d&#8217;Espanya de Clubs. Els equips Infantil Mascul\u00ed i Infantil Femen\u00ed acudiran a la cita nacional despr\u00e9s de [&hellip;]\" \/>\n<meta property=\"og:url\" content=\"https:\/\/voleiboom.com\/ca\/voleiboom-castelldefels-continua-fent-historia\/\" \/>\n<meta property=\"og:site_name\" content=\"VOLEIBOOM\" \/>\n<meta property=\"article:published_time\" content=\"2026-07-17T10:38:51+00:00\" \/>\n<meta property=\"og:image\" content=\"https:\/\/voleiboom.com\/wp-content\/uploads\/2026\/07\/Cto-Espana.jpg\" \/>\n\t<meta property=\"og:image:width\" content=\"1080\" \/>\n\t<meta property=\"og:image:height\" content=\"1350\" \/>\n\t<meta property=\"og:image:type\" content=\"image\/jpeg\" \/>\n<meta name=\"author\" content=\"Elisabet Boch Garrido\" \/>\n<meta name=\"twitter:card\" content=\"summary_large_image\" \/>\n<meta name=\"twitter:label1\" content=\"Escrit per\" \/>\n\t<meta name=\"twitter:data1\" content=\"Elisabet Boch Garrido\" \/>\n\t<meta name=\"twitter:label2\" content=\"Temps estimat de lectura\" \/>\n\t<meta name=\"twitter:data2\" content=\"1 minut\" \/>\n<script type=\"application\/ld+json\" class=\"yoast-schema-graph\">{\"@context\":\"https:\\\/\\\/schema.org\",\"@graph\":[{\"@type\":\"Article\",\"@id\":\"https:\\\/\\\/voleiboom.com\\\/ca\\\/voleiboom-castelldefels-continua-fent-historia\\\/#article\",\"isPartOf\":{\"@id\":\"https:\\\/\\\/voleiboom.com\\\/ca\\\/voleiboom-castelldefels-continua-fent-historia\\\/\"},\"author\":{\"name\":\"Elisabet Boch Garrido\",\"@id\":\"https:\\\/\\\/voleiboom.com\\\/#\\\/schema\\\/person\\\/5f200f4b2a25e22c3e238b37183b36cb\"},\"headline\":\"Voleiboom Castelldefels continua fent hist\u00f2ria\",\"datePublished\":\"2026-07-17T10:38:51+00:00\",\"mainEntityOfPage\":{\"@id\":\"https:\\\/\\\/voleiboom.com\\\/ca\\\/voleiboom-castelldefels-continua-fent-historia\\\/\"},\"wordCount\":121,\"image\":{\"@id\":\"https:\\\/\\\/voleiboom.com\\\/ca\\\/voleiboom-castelldefels-continua-fent-historia\\\/#primaryimage\"},\"thumbnailUrl\":\"https:\\\/\\\/voleiboom.com\\\/wp-content\\\/uploads\\\/2026\\\/07\\\/Cto-Espana.jpg\",\"articleSection\":[\"Competici\u00f3\"],\"inLanguage\":\"ca\"},{\"@type\":\"WebPage\",\"@id\":\"https:\\\/\\\/voleiboom.com\\\/ca\\\/voleiboom-castelldefels-continua-fent-historia\\\/\",\"url\":\"https:\\\/\\\/voleiboom.com\\\/ca\\\/voleiboom-castelldefels-continua-fent-historia\\\/\",\"name\":\"Voleiboom Castelldefels continua fent hist\u00f2ria - VOLEIBOOM\",\"isPartOf\":{\"@id\":\"https:\\\/\\\/voleiboom.com\\\/#website\"},\"primaryImageOfPage\":{\"@id\":\"https:\\\/\\\/voleiboom.com\\\/ca\\\/voleiboom-castelldefels-continua-fent-historia\\\/#primaryimage\"},\"image\":{\"@id\":\"https:\\\/\\\/voleiboom.com\\\/ca\\\/voleiboom-castelldefels-continua-fent-historia\\\/#primaryimage\"},\"thumbnailUrl\":\"https:\\\/\\\/voleiboom.com\\\/wp-content\\\/uploads\\\/2026\\\/07\\\/Cto-Espana.jpg\",\"datePublished\":\"2026-07-17T10:38:51+00:00\",\"author\":{\"@id\":\"https:\\\/\\\/voleiboom.com\\\/#\\\/schema\\\/person\\\/5f200f4b2a25e22c3e238b37183b36cb\"},\"breadcrumb\":{\"@id\":\"https:\\\/\\\/voleiboom.com\\\/ca\\\/voleiboom-castelldefels-continua-fent-historia\\\/#breadcrumb\"},\"inLanguage\":\"ca\",\"potentialAction\":[{\"@type\":\"ReadAction\",\"target\":[\"https:\\\/\\\/voleiboom.com\\\/ca\\\/voleiboom-castelldefels-continua-fent-historia\\\/\"]}]},{\"@type\":\"ImageObject\",\"inLanguage\":\"ca\",\"@id\":\"https:\\\/\\\/voleiboom.com\\\/ca\\\/voleiboom-castelldefels-continua-fent-historia\\\/#primaryimage\",\"url\":\"https:\\\/\\\/voleiboom.com\\\/wp-content\\\/uploads\\\/2026\\\/07\\\/Cto-Espana.jpg\",\"contentUrl\":\"https:\\\/\\\/voleiboom.com\\\/wp-content\\\/uploads\\\/2026\\\/07\\\/Cto-Espana.jpg\",\"width\":1080,\"height\":1350},{\"@type\":\"BreadcrumbList\",\"@id\":\"https:\\\/\\\/voleiboom.com\\\/ca\\\/voleiboom-castelldefels-continua-fent-historia\\\/#breadcrumb\",\"itemListElement\":[{\"@type\":\"ListItem\",\"position\":1,\"name\":\"Portada\",\"item\":\"https:\\\/\\\/voleiboom.com\\\/ca\\\/\"},{\"@type\":\"ListItem\",\"position\":2,\"name\":\"Voleiboom Castelldefels continua fent hist\u00f2ria\"}]},{\"@type\":\"WebSite\",\"@id\":\"https:\\\/\\\/voleiboom.com\\\/#website\",\"url\":\"https:\\\/\\\/voleiboom.com\\\/\",\"name\":\"VOLEIBOOM\",\"description\":\"\",\"potentialAction\":[{\"@type\":\"SearchAction\",\"target\":{\"@type\":\"EntryPoint\",\"urlTemplate\":\"https:\\\/\\\/voleiboom.com\\\/?s={search_term_string}\"},\"query-input\":{\"@type\":\"PropertyValueSpecification\",\"valueRequired\":true,\"valueName\":\"search_term_string\"}}],\"inLanguage\":\"ca\"},{\"@type\":\"Person\",\"@id\":\"https:\\\/\\\/voleiboom.com\\\/#\\\/schema\\\/person\\\/5f200f4b2a25e22c3e238b37183b36cb\",\"name\":\"Elisabet Boch Garrido\",\"image\":{\"@type\":\"ImageObject\",\"inLanguage\":\"ca\",\"@id\":\"https:\\\/\\\/secure.gravatar.com\\\/avatar\\\/a2c91eba489eeb6d0d95c1c2860ea2ee3f2ba1694ee07ec2b04edd8711c3f69a?s=96&d=mm&r=g\",\"url\":\"https:\\\/\\\/secure.gravatar.com\\\/avatar\\\/a2c91eba489eeb6d0d95c1c2860ea2ee3f2ba1694ee07ec2b04edd8711c3f69a?s=96&d=mm&r=g\",\"contentUrl\":\"https:\\\/\\\/secure.gravatar.com\\\/avatar\\\/a2c91eba489eeb6d0d95c1c2860ea2ee3f2ba1694ee07ec2b04edd8711c3f69a?s=96&d=mm&r=g\",\"caption\":\"Elisabet Boch Garrido\"},\"url\":\"https:\\\/\\\/voleiboom.com\\\/ca\\\/author\\\/elisabetboch\\\/\"}]}<\/script>\n<!-- \/ Yoast SEO plugin. -->","yoast_head_json":{"title":"Voleiboom Castelldefels continua fent hist\u00f2ria - VOLEIBOOM","robots":{"index":"index","follow":"follow","max-snippet":"max-snippet:-1","max-image-preview":"max-image-preview:large","max-video-preview":"max-video-preview:-1"},"canonical":"https:\/\/voleiboom.com\/ca\/voleiboom-castelldefels-continua-fent-historia\/","og_locale":"ca_ES","og_type":"article","og_title":"Voleiboom Castelldefels continua fent hist\u00f2ria - VOLEIBOOM","og_description":"Despr\u00e9s d&#8217;una brillant actuaci\u00f3 al Campionat de Catalunya de V\u00f2lei Platja 2026, el Club Voleiboom ha aconseguit classificar tres equips per al Campionat d&#8217;Espanya de Clubs. Els equips Infantil Mascul\u00ed i Infantil Femen\u00ed acudiran a la cita nacional despr\u00e9s de [&hellip;]","og_url":"https:\/\/voleiboom.com\/ca\/voleiboom-castelldefels-continua-fent-historia\/","og_site_name":"VOLEIBOOM","article_published_time":"2026-07-17T10:38:51+00:00","og_image":[{"width":1080,"height":1350,"url":"https:\/\/voleiboom.com\/wp-content\/uploads\/2026\/07\/Cto-Espana.jpg","type":"image\/jpeg"}],"author":"Elisabet Boch Garrido","twitter_card":"summary_large_image","twitter_misc":{"Escrit per":"Elisabet Boch Garrido","Temps estimat de lectura":"1 minut"},"schema":{"@context":"https:\/\/schema.org","@graph":[{"@type":"Article","@id":"https:\/\/voleiboom.com\/ca\/voleiboom-castelldefels-continua-fent-historia\/#article","isPartOf":{"@id":"https:\/\/voleiboom.com\/ca\/voleiboom-castelldefels-continua-fent-historia\/"},"author":{"name":"Elisabet Boch Garrido","@id":"https:\/\/voleiboom.com\/#\/schema\/person\/5f200f4b2a25e22c3e238b37183b36cb"},"headline":"Voleiboom Castelldefels continua fent hist\u00f2ria","datePublished":"2026-07-17T10:38:51+00:00","mainEntityOfPage":{"@id":"https:\/\/voleiboom.com\/ca\/voleiboom-castelldefels-continua-fent-historia\/"},"wordCount":121,"image":{"@id":"https:\/\/voleiboom.com\/ca\/voleiboom-castelldefels-continua-fent-historia\/#primaryimage"},"thumbnailUrl":"https:\/\/voleiboom.com\/wp-content\/uploads\/2026\/07\/Cto-Espana.jpg","articleSection":["Competici\u00f3"],"inLanguage":"ca"},{"@type":"WebPage","@id":"https:\/\/voleiboom.com\/ca\/voleiboom-castelldefels-continua-fent-historia\/","url":"https:\/\/voleiboom.com\/ca\/voleiboom-castelldefels-continua-fent-historia\/","name":"Voleiboom Castelldefels continua fent hist\u00f2ria - VOLEIBOOM","isPartOf":{"@id":"https:\/\/voleiboom.com\/#website"},"primaryImageOfPage":{"@id":"https:\/\/voleiboom.com\/ca\/voleiboom-castelldefels-continua-fent-historia\/#primaryimage"},"image":{"@id":"https:\/\/voleiboom.com\/ca\/voleiboom-castelldefels-continua-fent-historia\/#primaryimage"},"thumbnailUrl":"https:\/\/voleiboom.com\/wp-content\/uploads\/2026\/07\/Cto-Espana.jpg","datePublished":"2026-07-17T10:38:51+00:00","author":{"@id":"https:\/\/voleiboom.com\/#\/schema\/person\/5f200f4b2a25e22c3e238b37183b36cb"},"breadcrumb":{"@id":"https:\/\/voleiboom.com\/ca\/voleiboom-castelldefels-continua-fent-historia\/#breadcrumb"},"inLanguage":"ca","potentialAction":[{"@type":"ReadAction","target":["https:\/\/voleiboom.com\/ca\/voleiboom-castelldefels-continua-fent-historia\/"]}]},{"@type":"ImageObject","inLanguage":"ca","@id":"https:\/\/voleiboom.com\/ca\/voleiboom-castelldefels-continua-fent-historia\/#primaryimage","url":"https:\/\/voleiboom.com\/wp-content\/uploads\/2026\/07\/Cto-Espana.jpg","contentUrl":"https:\/\/voleiboom.com\/wp-content\/uploads\/2026\/07\/Cto-Espana.jpg","width":1080,"height":1350},{"@type":"BreadcrumbList","@id":"https:\/\/voleiboom.com\/ca\/voleiboom-castelldefels-continua-fent-historia\/#breadcrumb","itemListElement":[{"@type":"ListItem","position":1,"name":"Portada","item":"https:\/\/voleiboom.com\/ca\/"},{"@type":"ListItem","position":2,"name":"Voleiboom Castelldefels continua fent hist\u00f2ria"}]},{"@type":"WebSite","@id":"https:\/\/voleiboom.com\/#website","url":"https:\/\/voleiboom.com\/","name":"VOLEIBOOM","description":"","potentialAction":[{"@type":"SearchAction","target":{"@type":"EntryPoint","urlTemplate":"https:\/\/voleiboom.com\/?s={search_term_string}"},"query-input":{"@type":"PropertyValueSpecification","valueRequired":true,"valueName":"search_term_string"}}],"inLanguage":"ca"},{"@type":"Person","@id":"https:\/\/voleiboom.com\/#\/schema\/person\/5f200f4b2a25e22c3e238b37183b36cb","name":"Elisabet Boch Garrido","image":{"@type":"ImageObject","inLanguage":"ca","@id":"https:\/\/secure.gravatar.com\/avatar\/a2c91eba489eeb6d0d95c1c2860ea2ee3f2ba1694ee07ec2b04edd8711c3f69a?s=96&d=mm&r=g","url":"https:\/\/secure.gravatar.com\/avatar\/a2c91eba489eeb6d0d95c1c2860ea2ee3f2ba1694ee07ec2b04edd8711c3f69a?s=96&d=mm&r=g","contentUrl":"https:\/\/secure.gravatar.com\/avatar\/a2c91eba489eeb6d0d95c1c2860ea2ee3f2ba1694ee07ec2b04edd8711c3f69a?s=96&d=mm&r=g","caption":"Elisabet Boch Garrido"},"url":"https:\/\/voleiboom.com\/ca\/author\/elisabetboch\/"}]}},"_links":{"self":[{"href":"https:\/\/voleiboom.com\/ca\/wp-json\/wp\/v2\/posts\/9019","targetHints":{"allow":["GET"]}}],"collection":[{"href":"https:\/\/voleiboom.com\/ca\/wp-json\/wp\/v2\/posts"}],"about":[{"href":"https:\/\/voleiboom.com\/ca\/wp-json\/wp\/v2\/types\/post"}],"author":[{"embeddable":true,"href":"https:\/\/voleiboom.com\/ca\/wp-json\/wp\/v2\/users\/3"}],"replies":[{"embeddable":true,"href":"https:\/\/voleiboom.com\/ca\/wp-json\/wp\/v2\/comments?post=9019"}],"version-history":[{"count":1,"href":"https:\/\/voleiboom.com\/ca\/wp-json\/wp\/v2\/posts\/9019\/revisions"}],"predecessor-version":[{"id":9020,"href":"https:\/\/voleiboom.com\/ca\/wp-json\/wp\/v2\/posts\/9019\/revisions\/9020"}],"wp:featuredmedia":[{"embeddable":true,"href":"https:\/\/voleiboom.com\/ca\/wp-json\/wp\/v2\/media\/9012"}],"wp:attachment":[{"href":"https:\/\/voleiboom.com\/ca\/wp-json\/wp\/v2\/media?parent=9019"}],"wp:term":[{"taxonomy":"category","embeddable":true,"href":"https:\/\/voleiboom.com\/ca\/wp-json\/wp\/v2\/categories?post=9019"},{"taxonomy":"post_tag","embeddable":true,"href":"https:\/\/voleiboom.com\/ca\/wp-json\/wp\/v2\/tags?post=9019"}],"curies":[{"name":"wp","href":"https:\/\/api.w.org\/{rel}","templated":true}]}}