{"id":9197,"date":"2026-08-31T14:54:44","date_gmt":"2026-08-31T12:54:44","guid":{"rendered":"https:\/\/voleiboom.com\/voleiboom-castelldefels-fa-historia-i-es-proclama-campio-despanya-amb-el-seu-equip-infantil-masculi\/"},"modified":"2026-08-31T14:54:44","modified_gmt":"2026-08-31T12:54:44","slug":"voleiboom-castelldefels-fa-historia-i-es-proclama-campio-despanya-amb-el-seu-equip-infantil-masculi","status":"publish","type":"post","link":"https:\/\/voleiboom.com\/ca\/voleiboom-castelldefels-fa-historia-i-es-proclama-campio-despanya-amb-el-seu-equip-infantil-masculi\/","title":{"rendered":"Voleiboom Castelldefels fa hist\u00f2ria i es proclama campi\u00f3 d\u00b4Espanya amb el seu equip Infantil Mascul\u00ed"},"content":{"rendered":"<p><strong>Pablo, Alan, Bari i Iv\u00e1n aconsegueixen el t\u00edtol nacional i porten Castelldefels al capdamunt del v\u00f2lei platja espanyol.<\/strong><\/p>\n<p>L&#8217;equip Infantil Mascul\u00ed de Voleiboom Castelldefels s&#8217;ha proclamat aquest diumenge 16 d&#8217;agost campi\u00f3 d&#8217;Espanya a Llorca, M\u00farcia, posant el colof\u00f3 \u200b\u200ba un campionat en qu\u00e8 els joves jugadors del club han signat una gran actuaci\u00f3.<\/p>\n<p>L&#8217;equip, format per Pablo, Alan, Bari i Iv\u00e1n, ha aconseguit assolir la primera posici\u00f3 nacional despr\u00e9s de superar les diferents fases de la competici\u00f3 i arribar fins a una final en qu\u00e8 van aconseguir aconseguir el t\u00edtol.<\/p>\n<p>El triomf suposa un nou \u00e8xit esportiu per a Voleiboom Castelldefels i un motiu d&#8217;orgull per al club, que continua apostant per la formaci\u00f3 i el creixement de joves jugadors de v\u00f2lei platja des de les seves categories de base. La representaci\u00f3 de Voleiboom a Lorca es va completar a m\u00e9s amb la participaci\u00f3 del seu equip Infantil Femen\u00ed que va competir amb esfor\u00e7, entrega i molta il\u00b7lusi\u00f3 en aquesta cita nacional.<\/p>\n<p>Des de Voleiboom han volgut destacar especialment l&#8217;esfor\u00e7, const\u00e0ncia i comprom\u00eds dels jugadors durant tot el campionat, aix\u00ed com el suport rebut al llarg de la seva traject\u00f2ria.<\/p>\n<p>El club tamb\u00e9 ha volgut agrair al Grup Tibu-Ron el seu suport i la seva implicaci\u00f3, acompanyant l&#8217;equip en aquest cam\u00ed fins a la consecuci\u00f3 del campionat nacional.<\/p>\n<p>Amb aquest resultat, Voleiboom Castelldefels suma un Campionat d\u00b4Espanya Infantil Mascul\u00ed al seu palmar\u00e8s, portant novament el nom de Castelldefels a una competici\u00f3 d\u00b4\u00e0mbit nacional.<\/p>\n","protected":false},"excerpt":{"rendered":"<p>Pablo, Alan, Bari i Iv\u00e1n aconsegueixen el t\u00edtol nacional i porten Castelldefels al capdamunt del v\u00f2lei platja espanyol. L&#8217;equip Infantil Mascul\u00ed de Voleiboom Castelldefels s&#8217;ha proclamat aquest diumenge 16 d&#8217;agost campi\u00f3 d&#8217;Espanya a Llorca, M\u00farcia, posant el colof\u00f3 \u200b\u200ba un [&hellip;]<\/p>\n","protected":false},"author":3,"featured_media":9193,"comment_status":"closed","ping_status":"closed","sticky":false,"template":"","format":"standard","meta":{"inline_featured_image":false,"footnotes":""},"categories":[93],"tags":[],"class_list":["post-9197","post","type-post","status-publish","format-standard","has-post-thumbnail","hentry","category-competicio-ca"],"yoast_head":"<!-- This site is optimized with the Yoast SEO plugin v28.2 - https:\/\/yoast.com\/product\/yoast-seo-wordpress\/ -->\n<title>Voleiboom Castelldefels fa hist\u00f2ria i es proclama campi\u00f3 d\u00b4Espanya amb el seu equip Infantil Mascul\u00ed - VOLEIBOOM<\/title>\n<meta name=\"robots\" content=\"index, follow, max-snippet:-1, max-image-preview:large, max-video-preview:-1\" \/>\n<link rel=\"canonical\" href=\"https:\/\/voleiboom.com\/voleiboom-castelldefels-hace-historia-y-se-proclama-campeon-de-espana-con-su-equipo-infantil-masculino\/\" \/>\n<meta property=\"og:locale\" content=\"ca_ES\" \/>\n<meta property=\"og:type\" content=\"article\" \/>\n<meta property=\"og:title\" content=\"Voleiboom Castelldefels fa hist\u00f2ria i es proclama campi\u00f3 d\u00b4Espanya amb el seu equip Infantil Mascul\u00ed - VOLEIBOOM\" \/>\n<meta property=\"og:description\" content=\"Pablo, Alan, Bari i Iv\u00e1n aconsegueixen el t\u00edtol nacional i porten Castelldefels al capdamunt del v\u00f2lei platja espanyol. L&#8217;equip Infantil Mascul\u00ed de Voleiboom Castelldefels s&#8217;ha proclamat aquest diumenge 16 d&#8217;agost campi\u00f3 d&#8217;Espanya a Llorca, M\u00farcia, posant el colof\u00f3 \u200b\u200ba un [&hellip;]\" \/>\n<meta property=\"og:url\" content=\"https:\/\/voleiboom.com\/voleiboom-castelldefels-hace-historia-y-se-proclama-campeon-de-espana-con-su-equipo-infantil-masculino\/\" \/>\n<meta property=\"og:site_name\" content=\"VOLEIBOOM\" \/>\n<meta property=\"article:published_time\" content=\"2026-08-31T12:54:44+00:00\" \/>\n<meta property=\"og:image\" content=\"https:\/\/voleiboom.com\/wp-content\/uploads\/2026\/08\/Campeones-EspanI\u0083a-Voleiboom-INFMASC.jpg\" \/>\n\t<meta property=\"og:image:width\" content=\"1080\" \/>\n\t<meta property=\"og:image:height\" content=\"1350\" \/>\n\t<meta property=\"og:image:type\" content=\"image\/jpeg\" \/>\n<meta name=\"author\" content=\"Elisabet Boch Garrido\" \/>\n<meta name=\"twitter:card\" content=\"summary_large_image\" \/>\n<meta name=\"twitter:label1\" content=\"Escrit per\" \/>\n\t<meta name=\"twitter:data1\" content=\"Elisabet Boch Garrido\" \/>\n\t<meta name=\"twitter:label2\" content=\"Temps estimat de lectura\" \/>\n\t<meta name=\"twitter:data2\" content=\"1 minut\" \/>\n<script type=\"application\/ld+json\" class=\"yoast-schema-graph\">{\"@context\":\"https:\\\/\\\/schema.org\",\"@graph\":[{\"@type\":\"Article\",\"@id\":\"https:\\\/\\\/voleiboom.com\\\/voleiboom-castelldefels-hace-historia-y-se-proclama-campeon-de-espana-con-su-equipo-infantil-masculino\\\/#article\",\"isPartOf\":{\"@id\":\"https:\\\/\\\/voleiboom.com\\\/voleiboom-castelldefels-hace-historia-y-se-proclama-campeon-de-espana-con-su-equipo-infantil-masculino\\\/\"},\"author\":{\"name\":\"Elisabet Boch Garrido\",\"@id\":\"https:\\\/\\\/voleiboom.com\\\/#\\\/schema\\\/person\\\/5f200f4b2a25e22c3e238b37183b36cb\"},\"headline\":\"Voleiboom Castelldefels fa hist\u00f2ria i es proclama campi\u00f3 d\u00b4Espanya amb el seu equip Infantil Mascul\u00ed\",\"datePublished\":\"2026-08-31T12:54:44+00:00\",\"mainEntityOfPage\":{\"@id\":\"https:\\\/\\\/voleiboom.com\\\/voleiboom-castelldefels-hace-historia-y-se-proclama-campeon-de-espana-con-su-equipo-infantil-masculino\\\/\"},\"wordCount\":283,\"image\":{\"@id\":\"https:\\\/\\\/voleiboom.com\\\/voleiboom-castelldefels-hace-historia-y-se-proclama-campeon-de-espana-con-su-equipo-infantil-masculino\\\/#primaryimage\"},\"thumbnailUrl\":\"https:\\\/\\\/voleiboom.com\\\/wp-content\\\/uploads\\\/2026\\\/08\\\/Campeones-EspanI\u0083a-Voleiboom-INFMASC.jpg\",\"articleSection\":[\"Competici\u00f3\"],\"inLanguage\":\"ca\"},{\"@type\":\"WebPage\",\"@id\":\"https:\\\/\\\/voleiboom.com\\\/voleiboom-castelldefels-hace-historia-y-se-proclama-campeon-de-espana-con-su-equipo-infantil-masculino\\\/\",\"url\":\"https:\\\/\\\/voleiboom.com\\\/voleiboom-castelldefels-hace-historia-y-se-proclama-campeon-de-espana-con-su-equipo-infantil-masculino\\\/\",\"name\":\"Voleiboom Castelldefels fa hist\u00f2ria i es proclama campi\u00f3 d\u00b4Espanya amb el seu equip Infantil Mascul\u00ed - VOLEIBOOM\",\"isPartOf\":{\"@id\":\"https:\\\/\\\/voleiboom.com\\\/#website\"},\"primaryImageOfPage\":{\"@id\":\"https:\\\/\\\/voleiboom.com\\\/voleiboom-castelldefels-hace-historia-y-se-proclama-campeon-de-espana-con-su-equipo-infantil-masculino\\\/#primaryimage\"},\"image\":{\"@id\":\"https:\\\/\\\/voleiboom.com\\\/voleiboom-castelldefels-hace-historia-y-se-proclama-campeon-de-espana-con-su-equipo-infantil-masculino\\\/#primaryimage\"},\"thumbnailUrl\":\"https:\\\/\\\/voleiboom.com\\\/wp-content\\\/uploads\\\/2026\\\/08\\\/Campeones-EspanI\u0083a-Voleiboom-INFMASC.jpg\",\"datePublished\":\"2026-08-31T12:54:44+00:00\",\"author\":{\"@id\":\"https:\\\/\\\/voleiboom.com\\\/#\\\/schema\\\/person\\\/5f200f4b2a25e22c3e238b37183b36cb\"},\"breadcrumb\":{\"@id\":\"https:\\\/\\\/voleiboom.com\\\/voleiboom-castelldefels-hace-historia-y-se-proclama-campeon-de-espana-con-su-equipo-infantil-masculino\\\/#breadcrumb\"},\"inLanguage\":\"ca\",\"potentialAction\":[{\"@type\":\"ReadAction\",\"target\":[\"https:\\\/\\\/voleiboom.com\\\/voleiboom-castelldefels-hace-historia-y-se-proclama-campeon-de-espana-con-su-equipo-infantil-masculino\\\/\"]}]},{\"@type\":\"ImageObject\",\"inLanguage\":\"ca\",\"@id\":\"https:\\\/\\\/voleiboom.com\\\/voleiboom-castelldefels-hace-historia-y-se-proclama-campeon-de-espana-con-su-equipo-infantil-masculino\\\/#primaryimage\",\"url\":\"https:\\\/\\\/voleiboom.com\\\/wp-content\\\/uploads\\\/2026\\\/08\\\/Campeones-EspanI\u0083a-Voleiboom-INFMASC.jpg\",\"contentUrl\":\"https:\\\/\\\/voleiboom.com\\\/wp-content\\\/uploads\\\/2026\\\/08\\\/Campeones-EspanI\u0083a-Voleiboom-INFMASC.jpg\",\"width\":1080,\"height\":1350},{\"@type\":\"BreadcrumbList\",\"@id\":\"https:\\\/\\\/voleiboom.com\\\/voleiboom-castelldefels-hace-historia-y-se-proclama-campeon-de-espana-con-su-equipo-infantil-masculino\\\/#breadcrumb\",\"itemListElement\":[{\"@type\":\"ListItem\",\"position\":1,\"name\":\"Portada\",\"item\":\"https:\\\/\\\/voleiboom.com\\\/ca\\\/\"},{\"@type\":\"ListItem\",\"position\":2,\"name\":\"Voleiboom Castelldefels fa hist\u00f2ria i es proclama campi\u00f3 d\u00b4Espanya amb el seu equip Infantil Mascul\u00ed\"}]},{\"@type\":\"WebSite\",\"@id\":\"https:\\\/\\\/voleiboom.com\\\/#website\",\"url\":\"https:\\\/\\\/voleiboom.com\\\/\",\"name\":\"VOLEIBOOM\",\"description\":\"\",\"potentialAction\":[{\"@type\":\"SearchAction\",\"target\":{\"@type\":\"EntryPoint\",\"urlTemplate\":\"https:\\\/\\\/voleiboom.com\\\/?s={search_term_string}\"},\"query-input\":{\"@type\":\"PropertyValueSpecification\",\"valueRequired\":true,\"valueName\":\"search_term_string\"}}],\"inLanguage\":\"ca\"},{\"@type\":\"Person\",\"@id\":\"https:\\\/\\\/voleiboom.com\\\/#\\\/schema\\\/person\\\/5f200f4b2a25e22c3e238b37183b36cb\",\"name\":\"Elisabet Boch Garrido\",\"image\":{\"@type\":\"ImageObject\",\"inLanguage\":\"ca\",\"@id\":\"https:\\\/\\\/secure.gravatar.com\\\/avatar\\\/a2c91eba489eeb6d0d95c1c2860ea2ee3f2ba1694ee07ec2b04edd8711c3f69a?s=96&d=mm&r=g\",\"url\":\"https:\\\/\\\/secure.gravatar.com\\\/avatar\\\/a2c91eba489eeb6d0d95c1c2860ea2ee3f2ba1694ee07ec2b04edd8711c3f69a?s=96&d=mm&r=g\",\"contentUrl\":\"https:\\\/\\\/secure.gravatar.com\\\/avatar\\\/a2c91eba489eeb6d0d95c1c2860ea2ee3f2ba1694ee07ec2b04edd8711c3f69a?s=96&d=mm&r=g\",\"caption\":\"Elisabet Boch Garrido\"},\"url\":\"https:\\\/\\\/voleiboom.com\\\/ca\\\/author\\\/elisabetboch\\\/\"}]}<\/script>\n<!-- \/ Yoast SEO plugin. -->","yoast_head_json":{"title":"Voleiboom Castelldefels fa hist\u00f2ria i es proclama campi\u00f3 d\u00b4Espanya amb el seu equip Infantil Mascul\u00ed - VOLEIBOOM","robots":{"index":"index","follow":"follow","max-snippet":"max-snippet:-1","max-image-preview":"max-image-preview:large","max-video-preview":"max-video-preview:-1"},"canonical":"https:\/\/voleiboom.com\/voleiboom-castelldefels-hace-historia-y-se-proclama-campeon-de-espana-con-su-equipo-infantil-masculino\/","og_locale":"ca_ES","og_type":"article","og_title":"Voleiboom Castelldefels fa hist\u00f2ria i es proclama campi\u00f3 d\u00b4Espanya amb el seu equip Infantil Mascul\u00ed - VOLEIBOOM","og_description":"Pablo, Alan, Bari i Iv\u00e1n aconsegueixen el t\u00edtol nacional i porten Castelldefels al capdamunt del v\u00f2lei platja espanyol. L&#8217;equip Infantil Mascul\u00ed de Voleiboom Castelldefels s&#8217;ha proclamat aquest diumenge 16 d&#8217;agost campi\u00f3 d&#8217;Espanya a Llorca, M\u00farcia, posant el colof\u00f3 \u200b\u200ba un [&hellip;]","og_url":"https:\/\/voleiboom.com\/voleiboom-castelldefels-hace-historia-y-se-proclama-campeon-de-espana-con-su-equipo-infantil-masculino\/","og_site_name":"VOLEIBOOM","article_published_time":"2026-08-31T12:54:44+00:00","og_image":[{"width":1080,"height":1350,"url":"https:\/\/voleiboom.com\/wp-content\/uploads\/2026\/08\/Campeones-EspanI\u0083a-Voleiboom-INFMASC.jpg","type":"image\/jpeg"}],"author":"Elisabet Boch Garrido","twitter_card":"summary_large_image","twitter_misc":{"Escrit per":"Elisabet Boch Garrido","Temps estimat de lectura":"1 minut"},"schema":{"@context":"https:\/\/schema.org","@graph":[{"@type":"Article","@id":"https:\/\/voleiboom.com\/voleiboom-castelldefels-hace-historia-y-se-proclama-campeon-de-espana-con-su-equipo-infantil-masculino\/#article","isPartOf":{"@id":"https:\/\/voleiboom.com\/voleiboom-castelldefels-hace-historia-y-se-proclama-campeon-de-espana-con-su-equipo-infantil-masculino\/"},"author":{"name":"Elisabet Boch Garrido","@id":"https:\/\/voleiboom.com\/#\/schema\/person\/5f200f4b2a25e22c3e238b37183b36cb"},"headline":"Voleiboom Castelldefels fa hist\u00f2ria i es proclama campi\u00f3 d\u00b4Espanya amb el seu equip Infantil Mascul\u00ed","datePublished":"2026-08-31T12:54:44+00:00","mainEntityOfPage":{"@id":"https:\/\/voleiboom.com\/voleiboom-castelldefels-hace-historia-y-se-proclama-campeon-de-espana-con-su-equipo-infantil-masculino\/"},"wordCount":283,"image":{"@id":"https:\/\/voleiboom.com\/voleiboom-castelldefels-hace-historia-y-se-proclama-campeon-de-espana-con-su-equipo-infantil-masculino\/#primaryimage"},"thumbnailUrl":"https:\/\/voleiboom.com\/wp-content\/uploads\/2026\/08\/Campeones-EspanI\u0083a-Voleiboom-INFMASC.jpg","articleSection":["Competici\u00f3"],"inLanguage":"ca"},{"@type":"WebPage","@id":"https:\/\/voleiboom.com\/voleiboom-castelldefels-hace-historia-y-se-proclama-campeon-de-espana-con-su-equipo-infantil-masculino\/","url":"https:\/\/voleiboom.com\/voleiboom-castelldefels-hace-historia-y-se-proclama-campeon-de-espana-con-su-equipo-infantil-masculino\/","name":"Voleiboom Castelldefels fa hist\u00f2ria i es proclama campi\u00f3 d\u00b4Espanya amb el seu equip Infantil Mascul\u00ed - VOLEIBOOM","isPartOf":{"@id":"https:\/\/voleiboom.com\/#website"},"primaryImageOfPage":{"@id":"https:\/\/voleiboom.com\/voleiboom-castelldefels-hace-historia-y-se-proclama-campeon-de-espana-con-su-equipo-infantil-masculino\/#primaryimage"},"image":{"@id":"https:\/\/voleiboom.com\/voleiboom-castelldefels-hace-historia-y-se-proclama-campeon-de-espana-con-su-equipo-infantil-masculino\/#primaryimage"},"thumbnailUrl":"https:\/\/voleiboom.com\/wp-content\/uploads\/2026\/08\/Campeones-EspanI\u0083a-Voleiboom-INFMASC.jpg","datePublished":"2026-08-31T12:54:44+00:00","author":{"@id":"https:\/\/voleiboom.com\/#\/schema\/person\/5f200f4b2a25e22c3e238b37183b36cb"},"breadcrumb":{"@id":"https:\/\/voleiboom.com\/voleiboom-castelldefels-hace-historia-y-se-proclama-campeon-de-espana-con-su-equipo-infantil-masculino\/#breadcrumb"},"inLanguage":"ca","potentialAction":[{"@type":"ReadAction","target":["https:\/\/voleiboom.com\/voleiboom-castelldefels-hace-historia-y-se-proclama-campeon-de-espana-con-su-equipo-infantil-masculino\/"]}]},{"@type":"ImageObject","inLanguage":"ca","@id":"https:\/\/voleiboom.com\/voleiboom-castelldefels-hace-historia-y-se-proclama-campeon-de-espana-con-su-equipo-infantil-masculino\/#primaryimage","url":"https:\/\/voleiboom.com\/wp-content\/uploads\/2026\/08\/Campeones-EspanI\u0083a-Voleiboom-INFMASC.jpg","contentUrl":"https:\/\/voleiboom.com\/wp-content\/uploads\/2026\/08\/Campeones-EspanI\u0083a-Voleiboom-INFMASC.jpg","width":1080,"height":1350},{"@type":"BreadcrumbList","@id":"https:\/\/voleiboom.com\/voleiboom-castelldefels-hace-historia-y-se-proclama-campeon-de-espana-con-su-equipo-infantil-masculino\/#breadcrumb","itemListElement":[{"@type":"ListItem","position":1,"name":"Portada","item":"https:\/\/voleiboom.com\/ca\/"},{"@type":"ListItem","position":2,"name":"Voleiboom Castelldefels fa hist\u00f2ria i es proclama campi\u00f3 d\u00b4Espanya amb el seu equip Infantil Mascul\u00ed"}]},{"@type":"WebSite","@id":"https:\/\/voleiboom.com\/#website","url":"https:\/\/voleiboom.com\/","name":"VOLEIBOOM","description":"","potentialAction":[{"@type":"SearchAction","target":{"@type":"EntryPoint","urlTemplate":"https:\/\/voleiboom.com\/?s={search_term_string}"},"query-input":{"@type":"PropertyValueSpecification","valueRequired":true,"valueName":"search_term_string"}}],"inLanguage":"ca"},{"@type":"Person","@id":"https:\/\/voleiboom.com\/#\/schema\/person\/5f200f4b2a25e22c3e238b37183b36cb","name":"Elisabet Boch Garrido","image":{"@type":"ImageObject","inLanguage":"ca","@id":"https:\/\/secure.gravatar.com\/avatar\/a2c91eba489eeb6d0d95c1c2860ea2ee3f2ba1694ee07ec2b04edd8711c3f69a?s=96&d=mm&r=g","url":"https:\/\/secure.gravatar.com\/avatar\/a2c91eba489eeb6d0d95c1c2860ea2ee3f2ba1694ee07ec2b04edd8711c3f69a?s=96&d=mm&r=g","contentUrl":"https:\/\/secure.gravatar.com\/avatar\/a2c91eba489eeb6d0d95c1c2860ea2ee3f2ba1694ee07ec2b04edd8711c3f69a?s=96&d=mm&r=g","caption":"Elisabet Boch Garrido"},"url":"https:\/\/voleiboom.com\/ca\/author\/elisabetboch\/"}]}},"_links":{"self":[{"href":"https:\/\/voleiboom.com\/ca\/wp-json\/wp\/v2\/posts\/9197","targetHints":{"allow":["GET"]}}],"collection":[{"href":"https:\/\/voleiboom.com\/ca\/wp-json\/wp\/v2\/posts"}],"about":[{"href":"https:\/\/voleiboom.com\/ca\/wp-json\/wp\/v2\/types\/post"}],"author":[{"embeddable":true,"href":"https:\/\/voleiboom.com\/ca\/wp-json\/wp\/v2\/users\/3"}],"replies":[{"embeddable":true,"href":"https:\/\/voleiboom.com\/ca\/wp-json\/wp\/v2\/comments?post=9197"}],"version-history":[{"count":0,"href":"https:\/\/voleiboom.com\/ca\/wp-json\/wp\/v2\/posts\/9197\/revisions"}],"wp:featuredmedia":[{"embeddable":true,"href":"https:\/\/voleiboom.com\/ca\/wp-json\/wp\/v2\/media\/9193"}],"wp:attachment":[{"href":"https:\/\/voleiboom.com\/ca\/wp-json\/wp\/v2\/media?parent=9197"}],"wp:term":[{"taxonomy":"category","embeddable":true,"href":"https:\/\/voleiboom.com\/ca\/wp-json\/wp\/v2\/categories?post=9197"},{"taxonomy":"post_tag","embeddable":true,"href":"https:\/\/voleiboom.com\/ca\/wp-json\/wp\/v2\/tags?post=9197"}],"curies":[{"name":"wp","href":"https:\/\/api.w.org\/{rel}","templated":true}]}}